{"id":1204,"date":"2026-02-23T14:57:52","date_gmt":"2026-02-23T14:57:52","modified":"2026-03-16T11:43:34","modified_gmt":"2026-03-16T11:43:34","slug":"e-falso-que-a-associacao-geral-da-igreja-adventista-do-setimo-dia-tenha-recebido-um-documento-sugerindo-a-guarda-do-domingo","status":"publish","type":"post","link":"https:\/\/verifica7.adventistas.org\/pt\/e-falso-que-a-associacao-geral-da-igreja-adventista-do-setimo-dia-tenha-recebido-um-documento-sugerindo-a-guarda-do-domingo\/","title":{"rendered":"\u00c9 falso que a Associa\u00e7\u00e3o Geral da Igreja Adventista tenha recebido documento sobre guarda do domingo"},"content":{"rendered":"","protected":false},"excerpt":{"rendered":"","protected":false},"author":3,"featured_media":1333,"comment_status":"open","sticky":false,"template":"","format":"standard","meta":{"_acf_changed":false,"footnotes":""},"categories":[516],"tags":[518,520],"assuntos_posts":[539],"classificacao_posts":[527],"class_list":["post-1204","post","type-post","status-publish","format-standard","has-post-thumbnail","hentry","category-checagem","tag-destaques","tag-verificacao-post-em-destaque","assuntos_posts-redes-sociais","classificacao_posts-enganoso-fora-de-contexto"],"acf":[],"featured_media_url":{"full":"https:\/\/images-adv.adventistas.org\/file\/images-adv\/verifica7_pt\/shutterstock_2067822839.jpg","medium":"https:\/\/images-adv.adventistas.org\/file\/images-adv\/verifica7_pt\/shutterstock_2067822839-768x385.jpg","small":"https:\/\/images-adv.adventistas.org\/file\/images-adv\/verifica7_pt\/shutterstock_2067822839-240x135.jpg","pa-block-preview":"https:\/\/images-adv.adventistas.org\/file\/images-adv\/verifica7_pt\/shutterstock_2067822839-240x135.jpg","pa-block-render":"https:\/\/images-adv.adventistas.org\/file\/images-adv\/verifica7_pt\/shutterstock_2067822839-480x270.jpg"}}